{"id":14144,"date":"2025-04-07T08:04:00","date_gmt":"2025-04-07T08:04:00","guid":{"rendered":"https:\/\/brctsuceava.ro\/?p=14144"},"modified":"2026-04-07T08:09:37","modified_gmt":"2026-04-07T08:09:37","slug":"privacy-policy","status":"publish","type":"post","link":"https:\/\/brctsuceava.ro\/en\/2025\/04\/07\/politica-de-confidentialitate\/","title":{"rendered":"Privacy Policy"},"content":{"rendered":"<div class=\"section-wrapper\" data-id=\"B7N83P\"><section class=\"wp-block-gutenverse-section guten-element guten-section guten-B7N83P layout-boxed align-stretch\"><div class=\"guten-container guten-column-gap-no\">\n<div class=\"wp-block-gutenverse-column guten-element guten-column guten-JFIh1S\"><div class=\"guten-column-wrapper\" data-id=\"JFIh1S\"><\/div><\/div>\n<\/div><\/section><\/div>\n\n\n\n<p><strong>Last updated: 07\/04\/2026<\/strong><\/p>\n\n\n\n<p><strong>Regional Office for Cross-border Co-operation Suceava (BRCT Suceava)<\/strong> We attach particular importance to the protection of your personal data. This Privacy Policy explains how we collect, use, and protect your information when you visit our website, www.brctsuceava.ro, in accordance with the General Data Protection Regulation (GDPR \u2013 EU Regulation 2016\/679).<\/p>\n\n\n\n<div class=\"section-wrapper\" data-id=\"o5A8vu\"><section class=\"wp-block-gutenverse-section guten-element guten-section guten-o5A8vu layout-boxed align-stretch\"><div class=\"guten-container guten-column-gap-no\">\n<div class=\"wp-block-gutenverse-column guten-element guten-column guten-Olvwvn\"><div class=\"guten-column-wrapper\" data-id=\"Olvwvn\"><\/div><\/div>\n<\/div><\/section><\/div>\n\n\n\n<hr class=\"wp-block-separator has-text-color has-theme-3-color has-alpha-channel-opacity has-theme-3-background-color has-background\"\/>\n\n\n\n<h3 class=\"wp-block-heading has-theme-0-color has-text-color has-link-color wp-elements-346d8c2c798b2e669da6e3e050935ab8\">Who are we? <\/h3>\n\n\n\n<ul class=\"wp-block-list\">\n<li><strong>Name:<\/strong> Regional Office for Cross-border Co-operation Suceava (BRCT Suceava)<\/li>\n\n\n\n<li class=\"has-theme-0-color has-text-color has-link-color wp-elements-4b1d8b46a62182ce98770f11cafd66c0\"><strong>Address:<\/strong><a href=\"https:\/\/www.google.com\/maps\/place\/\/data=!4m2!3m1!1s0x4734fdd5edcecde1:0xa83d065e44eca7b9?sa=X&amp;ved=1t:8290&amp;ictx=111\"> <\/a><a href=\"https:\/\/www.google.com\/maps\/place\/\/data=!4m2!3m1!1s0x4734fdd5edcecde1:0xa83d065e44eca7b9?sa=X&amp;ved=1t:8290&amp;ictx=111\">DAE Office Center 1, Strada Bistri\u021bei 8A, 720274 Suceava<\/a><\/li>\n\n\n\n<li><strong>Email<\/strong>office@brctsuceava.ro<\/li>\n\n\n\n<li class=\"has-theme-0-color has-text-color has-link-color wp-elements-ffed03d984cb5851fbdce3af27932b2a\"><strong>Phone number<\/strong>\u00a0<a href=\"https:\/\/www.google.com\/search?q=brctsuceava&amp;rlz=1C1EJFA_enRO1044RO1044&amp;oq=brctsuceava&amp;gs_lcrp=EgZjaHJvbWUyBggAEEUYOTIGCAEQRRg8MgYIAhBFGDwyBwgDEAAY7wUyCggEEAAYgAQYogQyBggFEEUYPDIGCAYQRRg8MgYIBxBFGDzSAQgyNDE1ajBqNKgCALACAQ&amp;sourceid=chrome&amp;ie=UTF-8#\">0230 530 049<\/a><\/li>\n<\/ul>\n\n\n\n<hr class=\"wp-block-separator has-text-color has-theme-3-color has-alpha-channel-opacity has-theme-3-background-color has-background\"\/>\n\n\n\n<h3 class=\"wp-block-heading has-theme-0-color has-text-color has-link-color wp-elements-faba935ca373b1eda1e6978322107c10\">2. What data do we collect and how do we obtain it?<\/h3>\n\n\n\n<p>We collect information in two ways: directly from you and automatically through web technologies.<\/p>\n\n\n\n<p><strong>A. Data provided directly by the user:<\/strong><\/p>\n\n\n\n<ul class=\"wp-block-list\">\n<li><strong>Contact Form<\/strong> Name, surname, email address, subject and your message.<\/li>\n\n\n\n<li><strong>Newsletter\/Event Registration<\/strong> Email address and, optionally, the institution you represent.<\/li>\n\n\n\n<li><strong>Careers\/Recruitment:<\/strong> CVs and cover letters sent by email or dedicated forms.<\/li>\n<\/ul>\n\n\n\n<p><strong>B. Automatically Collected Data (Cookies and Server Logs):<\/strong><\/p>\n\n\n\n<ul class=\"wp-block-list\">\n<li>Technical information: IP address (anonymised), browser type, operating system.<\/li>\n\n\n\n<li>Browsing information: Pages visited, duration of visit, traffic source (how you got to the site).<\/li>\n<\/ul>\n\n\n\n<hr class=\"wp-block-separator has-text-color has-theme-3-color has-alpha-channel-opacity has-theme-3-background-color has-background\"\/>\n\n\n\n<h3 class=\"wp-block-heading has-theme-0-color has-text-color has-link-color wp-elements-95549f72a8449404e5ca07a8e3511cbf\">3. Legal basis of the processing<\/h3>\n\n\n\n<p>We process your data on the following grounds:<\/p>\n\n\n\n<ol start=\"1\" class=\"wp-block-list\">\n<li><strong>Your consent:<\/strong> For newsletter subscription or the use of non-essential cookies.<\/li>\n\n\n\n<li><strong>Execution of a contract \/ Legitimate interest<\/strong> To respond to requests for information about projects and programmes (e.g., Interreg NEXT).<\/li>\n\n\n\n<li><strong>Legal obligation<\/strong> For reporting required by the management authorities of programmes financed by European funds.<\/li>\n<\/ol>\n\n\n\n<hr class=\"wp-block-separator has-text-color has-theme-3-color has-alpha-channel-opacity has-theme-3-background-color has-background\"\/>\n\n\n\n<h3 class=\"wp-block-heading has-theme-0-color has-text-color has-link-color wp-elements-9a7a24830b685572cea06db816ffb313\">4. Purpose of data processing<\/h3>\n\n\n\n<p>We use your data exclusively for:<\/p>\n\n\n\n<ul class=\"wp-block-list\">\n<li>Ensuring the proper functioning and security of the website.<\/li>\n\n\n\n<li>Official communication with applicants and beneficiaries of European funds.<\/li>\n\n\n\n<li>Promoting the activities of BRCT Suceava and the results of cross-border co-operation.<\/li>\n\n\n\n<li>Statistical analysis of traffic to improve the content offered.<\/li>\n<\/ul>\n\n\n\n<hr class=\"wp-block-separator has-text-color has-theme-3-color has-alpha-channel-opacity has-theme-3-background-color has-background\"\/>\n\n\n\n<h3 class=\"wp-block-heading has-theme-0-color has-text-color has-link-color wp-elements-20909c9f31b4de9d642e2e741e1cce2e\">5. Data recipients<\/h3>\n\n\n\n<p>Your data may only be shared in strictly necessary cases with:<\/p>\n\n\n\n<ul class=\"wp-block-list\">\n<li><strong>Management Authorities<\/strong> The Ministry of Development, Public Works and Administration (Romania) or other EU bodies involved in auditing programmes.<\/li>\n\n\n\n<li><strong>Technical service providers<\/strong> Hosting, website maintenance, analytics services (Google Analytics - with privacy settings).<\/li>\n\n\n\n<li><strong>Legal obligations<\/strong> Police or courts, if required by law.<\/li>\n<\/ul>\n\n\n\n<p><em>Note: We do not sell or rent your data to third parties for marketing purposes.<\/em><\/p>\n\n\n\n<hr class=\"wp-block-separator has-text-color has-theme-3-color has-alpha-channel-opacity has-theme-3-background-color has-background\"\/>\n\n\n\n<h3 class=\"wp-block-heading has-theme-0-color has-text-color has-link-color wp-elements-e56595675623edea44a2a837a948d84f\">6. International Transfers<\/h3>\n\n\n\n<p>Due to the cross-border nature of our business (Romania-Ukraine), data may be processed by partners outside the European Economic Area (Ukraine), but only under standard contractual clauses that guarantee data protection at EU standards.<\/p>\n\n\n\n<hr class=\"wp-block-separator has-text-color has-theme-3-color has-alpha-channel-opacity has-theme-3-background-color has-background\"\/>\n\n\n\n<h3 class=\"wp-block-heading has-theme-0-color has-text-color has-link-color wp-elements-66491c3e861f466eb81b00a0e4651b02\">7. Storage period<\/h3>\n\n\n\n<p>We only keep your data for as long as is necessary.<\/p>\n\n\n\n<ul class=\"wp-block-list\">\n<li><strong>Contact dates:<\/strong> Until your request is resolved.<\/li>\n\n\n\n<li><strong>Newsletter:<\/strong> Until withdrawal of consent (unsubscribe).<\/li>\n\n\n\n<li><strong>Project documentation:<\/strong> In accordance with the archiving rules of funding programmes (often 5-10 years after the official closure of the programme).<\/li>\n<\/ul>\n\n\n\n<hr class=\"wp-block-separator has-text-color has-theme-0-color has-alpha-channel-opacity has-theme-0-background-color has-background\"\/>\n\n\n\n<h3 class=\"wp-block-heading has-theme-0-color has-text-color has-link-color wp-elements-1b2d63db900999ad5fff265ddbed274b\">8. Your rights<\/h3>\n\n\n\n<p>In accordance with GDPR, you have the following rights:<\/p>\n\n\n\n<ul class=\"wp-block-list\">\n<li><strong>Right of access:<\/strong> Please know what data we have about you.<\/li>\n\n\n\n<li><strong>Right to rectification:<\/strong> To correct the inaccurate data.<\/li>\n\n\n\n<li><strong>The right to erasure (\u201eright to be forgotten\u201d)<\/strong> Request data deletion.<\/li>\n\n\n\n<li><strong>The right to restrict processing:<\/strong> Request to stop the use of the data under certain conditions.<\/li>\n\n\n\n<li><strong>The right to data portability.<\/strong> Receive data in a structured format.<\/li>\n\n\n\n<li><strong>Right of objection<\/strong> Object to the processing of data on grounds of legitimate interest.<\/li>\n<\/ul>\n\n\n\n<p>For any enquiries, please contact us at <strong>office@brctsuceava.ro<\/strong>. You also have the right to lodge a complaint with the National Supervisory Authority for Personal Data Processing (ANSPDCP) at www.dataprotection.ro.<\/p>\n\n\n\n<hr class=\"wp-block-separator has-text-color has-theme-3-color has-alpha-channel-opacity has-theme-3-background-color has-background\"\/>\n\n\n\n<h3 class=\"wp-block-heading has-theme-0-color has-text-color has-link-color wp-elements-abbecfa25f2ae7815d2f27e7189e5e22\">9. Data security<\/h3>\n\n\n\n<p>BRCT Suceava uses modern technical measures (SSL encryption, firewalls, restricted access) to prevent unauthorised access or loss of your data.<\/p>\n\n\n\n<p class=\"has-text-align-center\"><em>This page will be updated periodically to reflect legislative changes or changes to the site's structure. We recommend you consult this section frequently.<\/em><\/p>\n\n\n\n<p><\/p>","protected":false},"excerpt":{"rendered":"<p>Ultima actualizare: 07\/04\/2026 Biroul Regional pentru Cooperare Transfrontalier\u0103 Suceava (BRCT Suceava) acord\u0103 o importan\u021b\u0103 deosebit\u0103 protec\u021biei datelor dumneavoastr\u0103 cu caracter personal. Aceast\u0103 Politic\u0103 de Confiden\u021bialitate explic\u0103 modul \u00een care colect\u0103m, utiliz\u0103m \u0219i protej\u0103m informa\u021biile dumneavoastr\u0103 atunci c\u00e2nd vizita\u021bi site-ul nostru, www.brctsuceava.ro, \u00een conformitate cu Regulamentul General privind Protec\u021bia Datelor (GDPR &#8211; Regulamentul UE 2016\/679). 1. [&hellip;]<\/p>\n","protected":false},"author":1,"featured_media":14146,"comment_status":"closed","ping_status":"closed","sticky":false,"template":"","format":"standard","meta":{"_uag_custom_page_level_css":"","footnotes":""},"categories":[86],"tags":[],"class_list":["post-14144","post","type-post","status-publish","format-standard","has-post-thumbnail","hentry","category-informatii-utile"],"uagb_featured_image_src":{"full":["https:\/\/brctsuceava.ro\/wp-content\/uploads\/2026\/04\/standard-quality-control-collage-concept-scaled.jpg",2560,1708,false],"thumbnail":["https:\/\/brctsuceava.ro\/wp-content\/uploads\/2026\/04\/standard-quality-control-collage-concept-150x150.jpg",150,150,true],"medium":["https:\/\/brctsuceava.ro\/wp-content\/uploads\/2026\/04\/standard-quality-control-collage-concept-300x200.jpg",300,200,true],"medium_large":["https:\/\/brctsuceava.ro\/wp-content\/uploads\/2026\/04\/standard-quality-control-collage-concept-768x512.jpg",768,512,true],"large":["https:\/\/brctsuceava.ro\/wp-content\/uploads\/2026\/04\/standard-quality-control-collage-concept-1024x683.jpg",1024,683,true],"1536x1536":["https:\/\/brctsuceava.ro\/wp-content\/uploads\/2026\/04\/standard-quality-control-collage-concept-1536x1025.jpg",1536,1025,true],"2048x2048":["https:\/\/brctsuceava.ro\/wp-content\/uploads\/2026\/04\/standard-quality-control-collage-concept-2048x1367.jpg",2048,1367,true],"trp-custom-language-flag":["https:\/\/brctsuceava.ro\/wp-content\/uploads\/2026\/04\/standard-quality-control-collage-concept-18x12.jpg",18,12,true]},"uagb_author_info":{"display_name":"brct","author_link":"https:\/\/brctsuceava.ro\/en\/author\/brct\/"},"uagb_comment_info":0,"uagb_excerpt":"Ultima actualizare: 07\/04\/2026 Biroul Regional pentru Cooperare Transfrontalier\u0103 Suceava (BRCT Suceava) acord\u0103 o importan\u021b\u0103 deosebit\u0103 protec\u021biei datelor dumneavoastr\u0103 cu caracter personal. Aceast\u0103 Politic\u0103 de Confiden\u021bialitate explic\u0103 modul \u00een care colect\u0103m, utiliz\u0103m \u0219i protej\u0103m informa\u021biile dumneavoastr\u0103 atunci c\u00e2nd vizita\u021bi site-ul nostru, www.brctsuceava.ro, \u00een conformitate cu Regulamentul General privind Protec\u021bia Datelor (GDPR &#8211; Regulamentul UE 2016\/679). 1.&hellip;","_links":{"self":[{"href":"https:\/\/brctsuceava.ro\/en\/wp-json\/wp\/v2\/posts\/14144","targetHints":{"allow":["GET"]}}],"collection":[{"href":"https:\/\/brctsuceava.ro\/en\/wp-json\/wp\/v2\/posts"}],"about":[{"href":"https:\/\/brctsuceava.ro\/en\/wp-json\/wp\/v2\/types\/post"}],"author":[{"embeddable":true,"href":"https:\/\/brctsuceava.ro\/en\/wp-json\/wp\/v2\/users\/1"}],"replies":[{"embeddable":true,"href":"https:\/\/brctsuceava.ro\/en\/wp-json\/wp\/v2\/comments?post=14144"}],"version-history":[{"count":4,"href":"https:\/\/brctsuceava.ro\/en\/wp-json\/wp\/v2\/posts\/14144\/revisions"}],"predecessor-version":[{"id":14149,"href":"https:\/\/brctsuceava.ro\/en\/wp-json\/wp\/v2\/posts\/14144\/revisions\/14149"}],"wp:featuredmedia":[{"embeddable":true,"href":"https:\/\/brctsuceava.ro\/en\/wp-json\/wp\/v2\/media\/14146"}],"wp:attachment":[{"href":"https:\/\/brctsuceava.ro\/en\/wp-json\/wp\/v2\/media?parent=14144"}],"wp:term":[{"taxonomy":"category","embeddable":true,"href":"https:\/\/brctsuceava.ro\/en\/wp-json\/wp\/v2\/categories?post=14144"},{"taxonomy":"post_tag","embeddable":true,"href":"https:\/\/brctsuceava.ro\/en\/wp-json\/wp\/v2\/tags?post=14144"}],"curies":[{"name":"wp","href":"https:\/\/api.w.org\/{rel}","templated":true}]}}