{"id":15208,"date":"2026-08-31T08:56:22","date_gmt":"2026-08-31T08:56:22","guid":{"rendered":"https:\/\/brctsuceava.ro\/?p=15208"},"modified":"2026-08-31T12:20:31","modified_gmt":"2026-08-31T12:20:31","slug":"15208","status":"publish","type":"post","link":"https:\/\/brctsuceava.ro\/en\/2026\/08\/31\/15208\/","title":{"rendered":"Ziua Limbii Rom\u00e2ne la Cern\u0103u\u021bi"},"content":{"rendered":"<h1 class=\"wp-block-heading has-text-align-center has-theme-2-color has-text-color has-link-color wp-elements-1\">Zi istoric\u0103 la Cern\u0103u\u021bi: Prima s\u0103rb\u0103torire oficial\u0103, la nivel de stat, a Zilei Limbii Rom\u00e2ne \u00een Ucraina<\/h1>\n\n\n\n<p class=\"wp-block-paragraph\"><strong>Cern\u0103u\u021bi, 29 august 2026<\/strong> \u2014 Biroul Regional pentru Cooperare Transfrontalier\u0103 Suceava (BRCT Suceava) a participat la o serie de manifest\u0103ri de o deosebit\u0103 \u00eenc\u0103rc\u0103tur\u0103 simbolic\u0103 desf\u0103\u0219urate \u00een nordul Bucovinei. Pentru prima dat\u0103 \u00een istorie, Ziua Limbii Rom\u00e2ne a fost marcat\u0103 oficial la nivel de stat \u00een Ucraina, \u00een urma deciziei stabilite prin decret de c\u0103tre Pre\u0219edintele Ucrainei, Volodimir Zelenski.<\/p>\n\n\n\n<p class=\"wp-block-paragraph\">Seria de evenimente a fost organizat\u0103 de Consulatul General al Rom\u00e2niei la Cern\u0103u\u021bi, \u00een str\u00e2ns parteneriat cu Administra\u021bia Militar\u0103 Regional\u0103 Cern\u0103u\u021bi, reunind \u00eenal\u021bi oficiali din ambele \u021b\u0103ri, corpul diplomatic, reprezentan\u021bi ai administra\u021biilor locale, lideri ai comunit\u0103\u021bii rom\u00e2ne\u0219ti din regiune \u0219i parteneri institu\u021bionali.<\/p>\n\n\n\n<h3 class=\"wp-block-heading has-theme-2-color has-text-color has-link-color wp-elements-2\">Un program festiv dedicat , patrimoniului \u0219i identit\u0103\u021bii<\/h3>\n\n\n\n<p class=\"wp-block-paragraph\">Delega\u021bia BRCT Suceava s-a al\u0103turat \u00eenal\u021bilor reprezentan\u021bi \u2014 Ambasadorul Rom\u00e2niei \u00een Ucraina, E.S. Alexandru-Victor Micula, Guvernatorul Regiunii Cern\u0103u\u021bi, Ruslan Osypenko, Consulul General al Rom\u00e2niei la Cern\u0103u\u021bi, Irina-Loredana St\u0103nculescu, \u0219i Secretarul de Stat \u00een Ministerul Culturii din Rom\u00e2nia, Diana-\u0218tefana Baciuna \u2014 \u00eentr-un itinerariu festiv complex:<\/p>\n\n\n\n<ul class=\"wp-block-list\">\n<li><strong>Omagiu adus valorilor culturale:<\/strong> Manifest\u0103rile au debutat cu depuneri de flori la Memorialul Eroilor din Pia\u021ba Central\u0103, urmate de ceremonii la monumentul poetului na\u021bional ucrainean Taras \u0218evcenko \u0219i la statuia marelui poet rom\u00e2n Mihai Eminescu.<\/li>\n\n\n\n<li><strong>Dialogul cu comunitatea rom\u00e2neasc\u0103:<\/strong> Palatul Na\u021bional din Cern\u0103u\u021bi a g\u0103zduit o \u00eent\u00e2lnire de suflet la sediul Societ\u0103\u021bii pentru Cultura \u0219i Literatura Rom\u00e2n\u0103 \u00een Bucovina \u201eMihai Eminescu\u201d, condus\u0103 de Vasile B\u00e2cu. Discu\u021biile au vizat sprijinirea activ\u0103 a societ\u0103\u021bilor culturale \u0219i p\u0103strarea identit\u0103\u021bii lingvistice \u00een regiune.<\/li>\n\n\n\n<li><strong>P\u0103strarea patrimoniului istoric:<\/strong> Participan\u021bii au efectuat o vizit\u0103 la Cimitirul Vechi (Horecea) din Cern\u0103u\u021bi, unde au fost depuse flori la cripta proasp\u0103t restaurat\u0103 a diplomatului rom\u00e2n George D. Gallin. Restaurarea monumentului reprezint\u0103 un proiect simbolic de conservare a memoriei istorice, realizat cu sprijinul diploma\u021biei rom\u00e2ne \u0219i al asocia\u021biilor de profil.<\/li>\n\n\n\n<li><strong>S\u0103rb\u0103toarea folclorului \u0219i a graiului str\u0103mo\u0219esc:<\/strong> \u00cen calitate de partener institu\u021bional, BRCT Suceava a fost prezent la concertul festiv <em>\u201ePe aripile cuv\u00e2ntului rom\u00e2nesc\u201d<\/em>, organizat de Centrul Bucovinean de Art\u0103 la Filarmonica Regional\u0103 \u201eDmytro Gnatiuk\u201d.<\/li>\n\n\n\n<li><strong>Arta ca punte transfrontalier\u0103:<\/strong> Festivit\u0103\u021bile s-au \u00eencheiat \u00eentr-o atmosfer\u0103 solemn\u0103 la Sala de Org\u0103 (Biserica Armeneasc\u0103), prin concertul extraordinar <em>\u201eGeorge Enescu \u2013 Ambasador al culturii rom\u00e2ne\u201d<\/em>, sus\u021binut de arti\u0219tii Operei Na\u021bionale din Bucure\u0219ti.<\/li>\n<\/ul>\n\n\n\n<p class=\"wp-block-paragraph\">Desf\u0103\u0219urate \u00eentr-o zi cu o dubl\u0103 semnifica\u021bie, coinciz\u00e2nd cu Ziua de cinstire a memoriei ap\u0103r\u0103torilor c\u0103zu\u021bi pentru independen\u021ba Ucrainei , manifest\u0103rile au reconfirmat solidaritatea profund\u0103 \u0219i parteneriatul strategic dintre cele dou\u0103 na\u021biuni.<\/p>\n\n\n\n<p class=\"wp-block-paragraph\">Cu ocazia s\u0103rb\u0103toririi Limbii Rom\u00e2ne, Biroul Regional pentru Cooperare Transfrontalier\u0103 Suceava a marcat momentul printr-un gest de sus\u021binere \u0219i unitate institu\u021bional\u0103: donarea steagurilor Rom\u00e2niei \u0219i ale Uniunii Europene c\u0103tre reprezentan\u021bele diplomatice ale \u021b\u0103rii noastre \u00een Ucraina &#8211; Ambasada Rom\u00e2niei la Kiev, Consulatul General al Rom\u00e2niei la Cern\u0103u\u021bi, Consulatul General al Rom\u00e2niei la Odesa \u0219i Consulatul Rom\u00e2niei la Solotvyno -, precum \u0219i c\u0103tre asocia\u021biile culturale \u0219i de profil rom\u00e2ne\u0219ti din regiunile Cern\u0103u\u021bi \u0219i Odesa. Aceast\u0103 ac\u021biune subliniaz\u0103 angajamentul continuu al BRCT Suceava de a sprijini identitatea rom\u00e2neasc\u0103 \u0219i valorile europene comune \u00een regiunea de grani\u021b\u0103.<\/p>\n\n\n\n<p class=\"wp-block-paragraph\">Prin sprijinirea proiectelor educa\u021bionale, culturale \u0219i de dezvoltare regional\u0103 finan\u021bate prin programele europene, BRCT Suceava continu\u0103 s\u0103 fie un partener activ \u00een consolidarea rela\u021biilor rom\u00e2no-ucrainene \u0219i \u00een construirea unui viitor european comun.<\/p>\n\n\n\t\t\t\t\t<div\n\t\t\t\t\t\tclass=\"wp-block-uagb-image-gallery uagb-block-3c2d8fb4\"\n\t\t\t\t\t\tstyle=\"\"\n\t\t\t\t\t>\n\t\t\t\t\t\t\t\t\t\t\t<div class=\"spectra-image-gallery spectra-image-gallery__layout--grid spectra-image-gallery__layout--grid-col-4 spectra-image-gallery__layout--grid-col-tab-3 spectra-image-gallery__layout--grid-col-mob-2\">\n\t\t\t\t\t\t\t\t\t\t\t<div class=\"spectra-image-gallery__media-wrapper\" data-spectra-gallery-image-id=\"15217\" tabindex=\"0\">\n\t\t\t\t\t\t\t<div class=\"spectra-image-gallery__media spectra-image-gallery__media--grid\">\n\t\t\t\t<picture>\n\t\t\t\t\t<source media=\"(min-width: 1024px)\" srcset=\"https:\/\/brctsuceava.ro\/wp-content\/uploads\/2026\/08\/790626426_29058699913717538_7325078625235587491_n-1024x768.jpg\">\n\t\t\t\t\t<source media=\"(min-width: 768px)\" srcset=\"https:\/\/brctsuceava.ro\/wp-content\/uploads\/2026\/08\/790626426_29058699913717538_7325078625235587491_n-1024x768.jpg\">\n\t\t\t\t\t<img decoding=\"async\" class=\"spectra-image-gallery__media-thumbnail spectra-image-gallery__media-thumbnail--grid\" src=\"https:\/\/brctsuceava.ro\/wp-content\/uploads\/2026\/08\/790626426_29058699913717538_7325078625235587491_n-300x225.jpg\" alt=\"\" loading=\"lazy\" \/>\n\t\t\t\t<\/picture>\n\t\t\t\t<div class=\"spectra-image-gallery__media-thumbnail-blurrer\"><\/div>\n\t\t\t\t\t\t\t\t\t\t\t<div class=\"spectra-image-gallery__media-thumbnail-caption-wrapper spectra-image-gallery__media-thumbnail-caption-wrapper--overlay\">\n\t\t\t\t\t\t\t\t\t\t\t<div class=\"spectra-image-gallery__media-thumbnail-caption spectra-image-gallery__media-thumbnail-caption--overlay\">\n\t\t\t\t\tNo Caption\t\t\t\t<\/div>\n\t\t\t\t\t\t\t\t\t\t<\/div>\n\t\t\t\t\t\t\t\t\t<\/div>\n\t\t\t\t\t\t<\/div>\n\t\t\t\t\t\t<div class=\"spectra-image-gallery__media-wrapper\" data-spectra-gallery-image-id=\"15216\" tabindex=\"0\">\n\t\t\t\t\t\t\t<div class=\"spectra-image-gallery__media spectra-image-gallery__media--grid\">\n\t\t\t\t<picture>\n\t\t\t\t\t<source media=\"(min-width: 1024px)\" srcset=\"https:\/\/brctsuceava.ro\/wp-content\/uploads\/2026\/08\/787818078_27960872583581958_3017408434683554173_n-1024x776.jpg\">\n\t\t\t\t\t<source media=\"(min-width: 768px)\" srcset=\"https:\/\/brctsuceava.ro\/wp-content\/uploads\/2026\/08\/787818078_27960872583581958_3017408434683554173_n-1024x776.jpg\">\n\t\t\t\t\t<img decoding=\"async\" class=\"spectra-image-gallery__media-thumbnail spectra-image-gallery__media-thumbnail--grid\" src=\"https:\/\/brctsuceava.ro\/wp-content\/uploads\/2026\/08\/787818078_27960872583581958_3017408434683554173_n-300x227.jpg\" alt=\"\" loading=\"lazy\" \/>\n\t\t\t\t<\/picture>\n\t\t\t\t<div class=\"spectra-image-gallery__media-thumbnail-blurrer\"><\/div>\n\t\t\t\t\t\t\t\t\t\t\t<div class=\"spectra-image-gallery__media-thumbnail-caption-wrapper spectra-image-gallery__media-thumbnail-caption-wrapper--overlay\">\n\t\t\t\t\t\t\t\t\t\t\t<div class=\"spectra-image-gallery__media-thumbnail-caption spectra-image-gallery__media-thumbnail-caption--overlay\">\n\t\t\t\t\tNo Caption\t\t\t\t<\/div>\n\t\t\t\t\t\t\t\t\t\t<\/div>\n\t\t\t\t\t\t\t\t\t<\/div>\n\t\t\t\t\t\t<\/div>\n\t\t\t\t\t\t<div class=\"spectra-image-gallery__media-wrapper\" data-spectra-gallery-image-id=\"15214\" tabindex=\"0\">\n\t\t\t\t\t\t\t<div class=\"spectra-image-gallery__media spectra-image-gallery__media--grid\">\n\t\t\t\t<picture>\n\t\t\t\t\t<source media=\"(min-width: 1024px)\" srcset=\"https:\/\/brctsuceava.ro\/wp-content\/uploads\/2026\/08\/4797f3d6-57fa-480e-bfc3-516fd6b5d4b5-768x1024.jpg\">\n\t\t\t\t\t<source media=\"(min-width: 768px)\" srcset=\"https:\/\/brctsuceava.ro\/wp-content\/uploads\/2026\/08\/4797f3d6-57fa-480e-bfc3-516fd6b5d4b5-768x1024.jpg\">\n\t\t\t\t\t<img decoding=\"async\" class=\"spectra-image-gallery__media-thumbnail spectra-image-gallery__media-thumbnail--grid\" src=\"https:\/\/brctsuceava.ro\/wp-content\/uploads\/2026\/08\/4797f3d6-57fa-480e-bfc3-516fd6b5d4b5-225x300.jpg\" alt=\"\" loading=\"lazy\" \/>\n\t\t\t\t<\/picture>\n\t\t\t\t<div class=\"spectra-image-gallery__media-thumbnail-blurrer\"><\/div>\n\t\t\t\t\t\t\t\t\t\t\t<div class=\"spectra-image-gallery__media-thumbnail-caption-wrapper spectra-image-gallery__media-thumbnail-caption-wrapper--overlay\">\n\t\t\t\t\t\t\t\t\t\t\t<div class=\"spectra-image-gallery__media-thumbnail-caption spectra-image-gallery__media-thumbnail-caption--overlay\">\n\t\t\t\t\tNo Caption\t\t\t\t<\/div>\n\t\t\t\t\t\t\t\t\t\t<\/div>\n\t\t\t\t\t\t\t\t\t<\/div>\n\t\t\t\t\t\t<\/div>\n\t\t\t\t\t\t<div class=\"spectra-image-gallery__media-wrapper\" data-spectra-gallery-image-id=\"15215\" tabindex=\"0\">\n\t\t\t\t\t\t\t<div class=\"spectra-image-gallery__media spectra-image-gallery__media--grid\">\n\t\t\t\t<picture>\n\t\t\t\t\t<source media=\"(min-width: 1024px)\" srcset=\"https:\/\/brctsuceava.ro\/wp-content\/uploads\/2026\/08\/99127fe4-c722-4a5c-9285-49ebfaa0b214-1024x768.jpg\">\n\t\t\t\t\t<source media=\"(min-width: 768px)\" srcset=\"https:\/\/brctsuceava.ro\/wp-content\/uploads\/2026\/08\/99127fe4-c722-4a5c-9285-49ebfaa0b214-1024x768.jpg\">\n\t\t\t\t\t<img decoding=\"async\" class=\"spectra-image-gallery__media-thumbnail spectra-image-gallery__media-thumbnail--grid\" src=\"https:\/\/brctsuceava.ro\/wp-content\/uploads\/2026\/08\/99127fe4-c722-4a5c-9285-49ebfaa0b214-300x225.jpg\" alt=\"\" loading=\"lazy\" \/>\n\t\t\t\t<\/picture>\n\t\t\t\t<div class=\"spectra-image-gallery__media-thumbnail-blurrer\"><\/div>\n\t\t\t\t\t\t\t\t\t\t\t<div class=\"spectra-image-gallery__media-thumbnail-caption-wrapper spectra-image-gallery__media-thumbnail-caption-wrapper--overlay\">\n\t\t\t\t\t\t\t\t\t\t\t<div class=\"spectra-image-gallery__media-thumbnail-caption spectra-image-gallery__media-thumbnail-caption--overlay\">\n\t\t\t\t\tNo Caption\t\t\t\t<\/div>\n\t\t\t\t\t\t\t\t\t\t<\/div>\n\t\t\t\t\t\t\t\t\t<\/div>\n\t\t\t\t\t\t<\/div>\n\t\t\t\t\t\t<div class=\"spectra-image-gallery__media-wrapper\" data-spectra-gallery-image-id=\"15213\" tabindex=\"0\">\n\t\t\t\t\t\t\t<div class=\"spectra-image-gallery__media spectra-image-gallery__media--grid\">\n\t\t\t\t<picture>\n\t\t\t\t\t<source media=\"(min-width: 1024px)\" srcset=\"https:\/\/brctsuceava.ro\/wp-content\/uploads\/2026\/08\/445e0d09-f3e1-4c37-8ea8-e79102c0fd83-768x1024.jpg\">\n\t\t\t\t\t<source media=\"(min-width: 768px)\" srcset=\"https:\/\/brctsuceava.ro\/wp-content\/uploads\/2026\/08\/445e0d09-f3e1-4c37-8ea8-e79102c0fd83-768x1024.jpg\">\n\t\t\t\t\t<img decoding=\"async\" class=\"spectra-image-gallery__media-thumbnail spectra-image-gallery__media-thumbnail--grid\" src=\"https:\/\/brctsuceava.ro\/wp-content\/uploads\/2026\/08\/445e0d09-f3e1-4c37-8ea8-e79102c0fd83-225x300.jpg\" alt=\"\" loading=\"lazy\" \/>\n\t\t\t\t<\/picture>\n\t\t\t\t<div class=\"spectra-image-gallery__media-thumbnail-blurrer\"><\/div>\n\t\t\t\t\t\t\t\t\t\t\t<div class=\"spectra-image-gallery__media-thumbnail-caption-wrapper spectra-image-gallery__media-thumbnail-caption-wrapper--overlay\">\n\t\t\t\t\t\t\t\t\t\t\t<div class=\"spectra-image-gallery__media-thumbnail-caption spectra-image-gallery__media-thumbnail-caption--overlay\">\n\t\t\t\t\tNo Caption\t\t\t\t<\/div>\n\t\t\t\t\t\t\t\t\t\t<\/div>\n\t\t\t\t\t\t\t\t\t<\/div>\n\t\t\t\t\t\t<\/div>\n\t\t\t\t\t\t<div class=\"spectra-image-gallery__media-wrapper\" data-spectra-gallery-image-id=\"15212\" tabindex=\"0\">\n\t\t\t\t\t\t\t<div class=\"spectra-image-gallery__media spectra-image-gallery__media--grid\">\n\t\t\t\t<picture>\n\t\t\t\t\t<source media=\"(min-width: 1024px)\" srcset=\"https:\/\/brctsuceava.ro\/wp-content\/uploads\/2026\/08\/221bda86-f8a9-4c53-949d-d0c905f2746e-1024x768.jpg\">\n\t\t\t\t\t<source media=\"(min-width: 768px)\" srcset=\"https:\/\/brctsuceava.ro\/wp-content\/uploads\/2026\/08\/221bda86-f8a9-4c53-949d-d0c905f2746e-1024x768.jpg\">\n\t\t\t\t\t<img decoding=\"async\" class=\"spectra-image-gallery__media-thumbnail spectra-image-gallery__media-thumbnail--grid\" src=\"https:\/\/brctsuceava.ro\/wp-content\/uploads\/2026\/08\/221bda86-f8a9-4c53-949d-d0c905f2746e-300x225.jpg\" alt=\"\" loading=\"lazy\" \/>\n\t\t\t\t<\/picture>\n\t\t\t\t<div class=\"spectra-image-gallery__media-thumbnail-blurrer\"><\/div>\n\t\t\t\t\t\t\t\t\t\t\t<div class=\"spectra-image-gallery__media-thumbnail-caption-wrapper spectra-image-gallery__media-thumbnail-caption-wrapper--overlay\">\n\t\t\t\t\t\t\t\t\t\t\t<div class=\"spectra-image-gallery__media-thumbnail-caption spectra-image-gallery__media-thumbnail-caption--overlay\">\n\t\t\t\t\tNo Caption\t\t\t\t<\/div>\n\t\t\t\t\t\t\t\t\t\t<\/div>\n\t\t\t\t\t\t\t\t\t<\/div>\n\t\t\t\t\t\t<\/div>\n\t\t\t\t\t\t<div class=\"spectra-image-gallery__media-wrapper\" data-spectra-gallery-image-id=\"15210\" tabindex=\"0\">\n\t\t\t\t\t\t\t<div class=\"spectra-image-gallery__media spectra-image-gallery__media--grid\">\n\t\t\t\t<picture>\n\t\t\t\t\t<source media=\"(min-width: 1024px)\" srcset=\"https:\/\/brctsuceava.ro\/wp-content\/uploads\/2026\/08\/1ebc0e3f-2c9e-4aec-a636-335eab57946a-768x1024.jpg\">\n\t\t\t\t\t<source media=\"(min-width: 768px)\" srcset=\"https:\/\/brctsuceava.ro\/wp-content\/uploads\/2026\/08\/1ebc0e3f-2c9e-4aec-a636-335eab57946a-768x1024.jpg\">\n\t\t\t\t\t<img decoding=\"async\" class=\"spectra-image-gallery__media-thumbnail spectra-image-gallery__media-thumbnail--grid\" src=\"https:\/\/brctsuceava.ro\/wp-content\/uploads\/2026\/08\/1ebc0e3f-2c9e-4aec-a636-335eab57946a-225x300.jpg\" alt=\"\" loading=\"lazy\" \/>\n\t\t\t\t<\/picture>\n\t\t\t\t<div class=\"spectra-image-gallery__media-thumbnail-blurrer\"><\/div>\n\t\t\t\t\t\t\t\t\t\t\t<div class=\"spectra-image-gallery__media-thumbnail-caption-wrapper spectra-image-gallery__media-thumbnail-caption-wrapper--overlay\">\n\t\t\t\t\t\t\t\t\t\t\t<div class=\"spectra-image-gallery__media-thumbnail-caption spectra-image-gallery__media-thumbnail-caption--overlay\">\n\t\t\t\t\tNo Caption\t\t\t\t<\/div>\n\t\t\t\t\t\t\t\t\t\t<\/div>\n\t\t\t\t\t\t\t\t\t<\/div>\n\t\t\t\t\t\t<\/div>\n\t\t\t\t\t\t<div class=\"spectra-image-gallery__media-wrapper\" data-spectra-gallery-image-id=\"15209\" tabindex=\"0\">\n\t\t\t\t\t\t\t<div class=\"spectra-image-gallery__media spectra-image-gallery__media--grid\">\n\t\t\t\t<picture>\n\t\t\t\t\t<source media=\"(min-width: 1024px)\" srcset=\"https:\/\/brctsuceava.ro\/wp-content\/uploads\/2026\/08\/0d74c349-0626-4bcb-82f7-a44b9936ee83-768x1024.jpg\">\n\t\t\t\t\t<source media=\"(min-width: 768px)\" srcset=\"https:\/\/brctsuceava.ro\/wp-content\/uploads\/2026\/08\/0d74c349-0626-4bcb-82f7-a44b9936ee83-768x1024.jpg\">\n\t\t\t\t\t<img decoding=\"async\" class=\"spectra-image-gallery__media-thumbnail spectra-image-gallery__media-thumbnail--grid\" src=\"https:\/\/brctsuceava.ro\/wp-content\/uploads\/2026\/08\/0d74c349-0626-4bcb-82f7-a44b9936ee83-225x300.jpg\" alt=\"\" loading=\"lazy\" \/>\n\t\t\t\t<\/picture>\n\t\t\t\t<div class=\"spectra-image-gallery__media-thumbnail-blurrer\"><\/div>\n\t\t\t\t\t\t\t\t\t\t\t<div class=\"spectra-image-gallery__media-thumbnail-caption-wrapper spectra-image-gallery__media-thumbnail-caption-wrapper--overlay\">\n\t\t\t\t\t\t\t\t\t\t\t<div class=\"spectra-image-gallery__media-thumbnail-caption spectra-image-gallery__media-thumbnail-caption--overlay\">\n\t\t\t\t\tNo Caption\t\t\t\t<\/div>\n\t\t\t\t\t\t\t\t\t\t<\/div>\n\t\t\t\t\t\t\t\t\t<\/div>\n\t\t\t\t\t\t<\/div>\n\t\t\t\t\t\t\t\t\t\t<\/div>\n\t\t\t\t\t\t\t\t\t\t\t\t\t\t\t\t\t\t<\/div>\n\t\t\t\t\t\t\t\t\t\n\n\n<p class=\"wp-block-paragraph\"><\/p>","protected":false},"excerpt":{"rendered":"<p>Zi istoric\u0103 la Cern\u0103u\u021bi: Prima s\u0103rb\u0103torire oficial\u0103, la nivel de stat, a Zilei Limbii Rom\u00e2ne \u00een Ucraina Cern\u0103u\u021bi, 29 august 2026 \u2014 Biroul Regional pentru Cooperare Transfrontalier\u0103 Suceava (BRCT Suceava) a participat la o serie de manifest\u0103ri de o deosebit\u0103 \u00eenc\u0103rc\u0103tur\u0103 simbolic\u0103 desf\u0103\u0219urate \u00een nordul Bucovinei. Pentru prima dat\u0103 \u00een istorie, Ziua Limbii Rom\u00e2ne a [&hellip;]<\/p>\n","protected":false},"author":1,"featured_media":15211,"comment_status":"closed","ping_status":"closed","sticky":false,"template":"","format":"standard","meta":{"_uag_custom_page_level_css":"","footnotes":""},"categories":[11,14],"tags":[],"class_list":["post-15208","post","type-post","status-publish","format-standard","has-post-thumbnail","hentry","category-evenimente","category-noutati"],"uagb_featured_image_src":{"full":["https:\/\/brctsuceava.ro\/wp-content\/uploads\/2026\/08\/76d40cf8-2cfd-411b-b452-1ab3ae0fe0d8-e1788166640695.jpg",1552,1635,false],"thumbnail":["https:\/\/brctsuceava.ro\/wp-content\/uploads\/2026\/08\/76d40cf8-2cfd-411b-b452-1ab3ae0fe0d8-e1788166640695-150x150.jpg",150,150,true],"medium":["https:\/\/brctsuceava.ro\/wp-content\/uploads\/2026\/08\/76d40cf8-2cfd-411b-b452-1ab3ae0fe0d8-e1788166640695-285x300.jpg",285,300,true],"medium_large":["https:\/\/brctsuceava.ro\/wp-content\/uploads\/2026\/08\/76d40cf8-2cfd-411b-b452-1ab3ae0fe0d8-e1788166640695-768x809.jpg",768,809,true],"large":["https:\/\/brctsuceava.ro\/wp-content\/uploads\/2026\/08\/76d40cf8-2cfd-411b-b452-1ab3ae0fe0d8-e1788166640695-972x1024.jpg",972,1024,true],"1536x1536":["https:\/\/brctsuceava.ro\/wp-content\/uploads\/2026\/08\/76d40cf8-2cfd-411b-b452-1ab3ae0fe0d8-e1788166640695-1458x1536.jpg",1458,1536,true],"2048x2048":["https:\/\/brctsuceava.ro\/wp-content\/uploads\/2026\/08\/76d40cf8-2cfd-411b-b452-1ab3ae0fe0d8-e1788166640695.jpg",1552,1635,false],"trp-custom-language-flag":["https:\/\/brctsuceava.ro\/wp-content\/uploads\/2026\/08\/76d40cf8-2cfd-411b-b452-1ab3ae0fe0d8-e1788166640695-11x12.jpg",11,12,true]},"uagb_author_info":{"display_name":"brct","author_link":"https:\/\/brctsuceava.ro\/en\/author\/brct\/"},"uagb_comment_info":0,"uagb_excerpt":"Zi istoric\u0103 la Cern\u0103u\u021bi: Prima s\u0103rb\u0103torire oficial\u0103, la nivel de stat, a Zilei Limbii Rom\u00e2ne \u00een Ucraina Cern\u0103u\u021bi, 29 august 2026 \u2014 Biroul Regional pentru Cooperare Transfrontalier\u0103 Suceava (BRCT Suceava) a participat la o serie de manifest\u0103ri de o deosebit\u0103 \u00eenc\u0103rc\u0103tur\u0103 simbolic\u0103 desf\u0103\u0219urate \u00een nordul Bucovinei. Pentru prima dat\u0103 \u00een istorie, Ziua Limbii Rom\u00e2ne a&hellip;","_links":{"self":[{"href":"https:\/\/brctsuceava.ro\/en\/wp-json\/wp\/v2\/posts\/15208","targetHints":{"allow":["GET"]}}],"collection":[{"href":"https:\/\/brctsuceava.ro\/en\/wp-json\/wp\/v2\/posts"}],"about":[{"href":"https:\/\/brctsuceava.ro\/en\/wp-json\/wp\/v2\/types\/post"}],"author":[{"embeddable":true,"href":"https:\/\/brctsuceava.ro\/en\/wp-json\/wp\/v2\/users\/1"}],"replies":[{"embeddable":true,"href":"https:\/\/brctsuceava.ro\/en\/wp-json\/wp\/v2\/comments?post=15208"}],"version-history":[{"count":7,"href":"https:\/\/brctsuceava.ro\/en\/wp-json\/wp\/v2\/posts\/15208\/revisions"}],"predecessor-version":[{"id":15230,"href":"https:\/\/brctsuceava.ro\/en\/wp-json\/wp\/v2\/posts\/15208\/revisions\/15230"}],"wp:featuredmedia":[{"embeddable":true,"href":"https:\/\/brctsuceava.ro\/en\/wp-json\/wp\/v2\/media\/15211"}],"wp:attachment":[{"href":"https:\/\/brctsuceava.ro\/en\/wp-json\/wp\/v2\/media?parent=15208"}],"wp:term":[{"taxonomy":"category","embeddable":true,"href":"https:\/\/brctsuceava.ro\/en\/wp-json\/wp\/v2\/categories?post=15208"},{"taxonomy":"post_tag","embeddable":true,"href":"https:\/\/brctsuceava.ro\/en\/wp-json\/wp\/v2\/tags?post=15208"}],"curies":[{"name":"wp","href":"https:\/\/api.w.org\/{rel}","templated":true}]}}