{"id":15220,"date":"2026-08-31T09:01:37","date_gmt":"2026-08-31T09:01:37","guid":{"rendered":"https:\/\/brctsuceava.ro\/?p=15220"},"modified":"2026-08-31T09:01:39","modified_gmt":"2026-08-31T09:01:39","slug":"lansare-concurs-de-arta-murala-15-ani-de-interreg-cooperation-day","status":"publish","type":"post","link":"https:\/\/brctsuceava.ro\/uk\/2026\/08\/31\/lansare-concurs-de-arta-murala-15-ani-de-interreg-cooperation-day\/","title":{"rendered":"Lansare concurs de art\u0103 mural\u0103 &#8211; 15 ani de Interreg Cooperation Day"},"content":{"rendered":"<p class=\"wp-block-paragraph\">Programul Interreg NEXT VI-A Rom\u00e2nia-Ucraina marcheaz\u0103&nbsp;<strong>15 ani de la lansarea ini\u021biativei Interreg Cooperation Day (ICDay)<\/strong>&nbsp;prin organizarea unui concurs online de crea\u021bie artistic\u0103 dedicat artei murale. Competi\u021bia se desf\u0103\u0219oar\u0103 sub tema&nbsp;<em>\u201e15 ani de Interreg Cooperation Day \u2013 Puternici \u00eempreun\u0103\u201d<\/em>, celebr\u00e2nd tradi\u021bia \u0219i continuitatea cooper\u0103rii transfrontaliere.<\/p>\n\n\n\n<p class=\"wp-block-paragraph\">Ini\u021biativa se adreseaz\u0103 tinerilor cu v\u00e2rste cuprinse \u00eentre 13 \u0219i 30 de ani din Rom\u00e2nia \u0219i Ucraina. Participan\u021bii sunt invita\u021bi s\u0103 trimit\u0103 propuneri de design pentru o pictur\u0103 mural\u0103 ce va fi executat\u0103 pe peretele unei cl\u0103diri publice din ora\u0219ul Ivano-Frankivsk (Ucraina).<\/p>\n\n\n\n<p class=\"wp-block-paragraph\"><strong>Detalii principale privind participarea:<\/strong><\/p>\n\n\n\n<ul class=\"wp-block-list\">\n<li><strong>Grup \u021bint\u0103:<\/strong>\u00a0Tineri cu v\u00e2rsta \u00eentre 13 \u0219i 30 de ani din Rom\u00e2nia \u0219i Ucraina<\/li>\n\n\n\n<li><strong>Sloganul competi\u021biei:<\/strong>\u00a0<em>Stronger Together \/ Puternici \u00cempreun\u0103<\/em><\/li>\n\n\n\n<li><strong>Data limit\u0103 pentru depunerea lucr\u0103rilor:<\/strong>\u00a020 septembrie 2026, ora 23:59<\/li>\n\n\n\n<li><strong>Selec\u021bia c\u00e2\u0219tig\u0103torului:<\/strong>\u00a0Lucr\u0103rile preselectate de juriul tehnic vor fi supuse votului public pe pagina oficial\u0103 de Facebook a Programului. Lucrarea c\u00e2\u0219tig\u0103toare va fi transpus\u0103 pe cl\u0103direa selectat\u0103 din Ivano-Frankivsk de c\u0103tre arti\u0219ti profesioni\u0219ti, \u00een cadrul evenimentului de celebrare ICDay 2026.<\/li>\n\n\n\n<li><strong>Premii:<\/strong>\u00a0Se vor acorda at\u00e2t premii pentru primii 6 finali\u0219ti califica\u021bi \u00een etapa de vot public, c\u00e2t \u0219i un premiu special.<\/li>\n<\/ul>\n\n\n\n<p class=\"wp-block-paragraph\">Regulamentul complet al concursului, condi\u021biile tehnice de realizare a lucr\u0103rilor \u0219i formularul de \u00eenscriere pot fi consultate aici:<\/p>\n\n\n\n<p class=\"wp-block-paragraph\"><strong>Regulament:&nbsp;<\/strong>&nbsp;<a href=\"https:\/\/ro-ua.net\/images\/2026\/08\/regulament-concurs\/ro\/Regulament_concurs_arta_murala_2026_final.pdf\">https:\/\/ro-ua.net\/images\/2026\/08\/regulament-concurs\/ro\/Regulament_concurs_arta_murala_2026_final.pdf<\/a><\/p>\n\n\n\n<p class=\"wp-block-paragraph\"><strong>Anexa 1:&nbsp;<\/strong><a href=\"https:\/\/ro-ua.net\/images\/2026\/08\/regulament-concurs\/ro\/Anexa%201_formular_de_inscriere.docx\">https:\/\/ro-ua.net\/images\/2026\/08\/regulament-concurs\/ro\/Anexa%201_formular_de_inscriere.docx<\/a><\/p>\n\n\n\n<p class=\"wp-block-paragraph\"><strong>Anexa 2:<\/strong>&nbsp;<a href=\"https:\/\/ro-ua.net\/images\/2026\/08\/regulament-concurs\/ro\/Anexa_2_GDPR.docx\">https:\/\/ro-ua.net\/images\/2026\/08\/regulament-concurs\/ro\/Anexa_2_GDPR.docx<\/a><\/p>\n\n\n\n<p class=\"wp-block-paragraph\"><\/p>","protected":false},"excerpt":{"rendered":"<p>Programul Interreg NEXT VI-A Rom\u00e2nia-Ucraina marcheaz\u0103&nbsp;15 ani de la lansarea ini\u021biativei Interreg Cooperation Day (ICDay)&nbsp;prin organizarea unui concurs online de crea\u021bie artistic\u0103 dedicat artei murale. Competi\u021bia se desf\u0103\u0219oar\u0103 sub tema&nbsp;\u201e15 ani de Interreg Cooperation Day \u2013 Puternici \u00eempreun\u0103\u201d, celebr\u00e2nd tradi\u021bia \u0219i continuitatea cooper\u0103rii transfrontaliere. Ini\u021biativa se adreseaz\u0103 tinerilor cu v\u00e2rste cuprinse \u00eentre 13 \u0219i 30 [&hellip;]<\/p>\n","protected":false},"author":1,"featured_media":15222,"comment_status":"closed","ping_status":"closed","sticky":false,"template":"","format":"standard","meta":{"_uag_custom_page_level_css":"","footnotes":""},"categories":[7,14],"tags":[],"class_list":["post-15220","post","type-post","status-publish","format-standard","has-post-thumbnail","hentry","category-anunturi","category-noutati"],"uagb_featured_image_src":{"full":["https:\/\/brctsuceava.ro\/wp-content\/uploads\/2026\/08\/ro_anunt-website-lansare-concurs-ICDay-2026-.png",1080,1080,false],"thumbnail":["https:\/\/brctsuceava.ro\/wp-content\/uploads\/2026\/08\/ro_anunt-website-lansare-concurs-ICDay-2026--150x150.png",150,150,true],"medium":["https:\/\/brctsuceava.ro\/wp-content\/uploads\/2026\/08\/ro_anunt-website-lansare-concurs-ICDay-2026--300x300.png",300,300,true],"medium_large":["https:\/\/brctsuceava.ro\/wp-content\/uploads\/2026\/08\/ro_anunt-website-lansare-concurs-ICDay-2026--768x768.png",768,768,true],"large":["https:\/\/brctsuceava.ro\/wp-content\/uploads\/2026\/08\/ro_anunt-website-lansare-concurs-ICDay-2026--1024x1024.png",1024,1024,true],"1536x1536":["https:\/\/brctsuceava.ro\/wp-content\/uploads\/2026\/08\/ro_anunt-website-lansare-concurs-ICDay-2026-.png",1080,1080,false],"2048x2048":["https:\/\/brctsuceava.ro\/wp-content\/uploads\/2026\/08\/ro_anunt-website-lansare-concurs-ICDay-2026-.png",1080,1080,false],"trp-custom-language-flag":["https:\/\/brctsuceava.ro\/wp-content\/uploads\/2026\/08\/ro_anunt-website-lansare-concurs-ICDay-2026--12x12.png",12,12,true]},"uagb_author_info":{"display_name":"brct","author_link":"https:\/\/brctsuceava.ro\/uk\/author\/brct\/"},"uagb_comment_info":0,"uagb_excerpt":"Programul Interreg NEXT VI-A Rom\u00e2nia-Ucraina marcheaz\u0103&nbsp;15 ani de la lansarea ini\u021biativei Interreg Cooperation Day (ICDay)&nbsp;prin organizarea unui concurs online de crea\u021bie artistic\u0103 dedicat artei murale. Competi\u021bia se desf\u0103\u0219oar\u0103 sub tema&nbsp;\u201e15 ani de Interreg Cooperation Day \u2013 Puternici \u00eempreun\u0103\u201d, celebr\u00e2nd tradi\u021bia \u0219i continuitatea cooper\u0103rii transfrontaliere. Ini\u021biativa se adreseaz\u0103 tinerilor cu v\u00e2rste cuprinse \u00eentre 13 \u0219i 30&hellip;","_links":{"self":[{"href":"https:\/\/brctsuceava.ro\/uk\/wp-json\/wp\/v2\/posts\/15220","targetHints":{"allow":["GET"]}}],"collection":[{"href":"https:\/\/brctsuceava.ro\/uk\/wp-json\/wp\/v2\/posts"}],"about":[{"href":"https:\/\/brctsuceava.ro\/uk\/wp-json\/wp\/v2\/types\/post"}],"author":[{"embeddable":true,"href":"https:\/\/brctsuceava.ro\/uk\/wp-json\/wp\/v2\/users\/1"}],"replies":[{"embeddable":true,"href":"https:\/\/brctsuceava.ro\/uk\/wp-json\/wp\/v2\/comments?post=15220"}],"version-history":[{"count":2,"href":"https:\/\/brctsuceava.ro\/uk\/wp-json\/wp\/v2\/posts\/15220\/revisions"}],"predecessor-version":[{"id":15223,"href":"https:\/\/brctsuceava.ro\/uk\/wp-json\/wp\/v2\/posts\/15220\/revisions\/15223"}],"wp:featuredmedia":[{"embeddable":true,"href":"https:\/\/brctsuceava.ro\/uk\/wp-json\/wp\/v2\/media\/15222"}],"wp:attachment":[{"href":"https:\/\/brctsuceava.ro\/uk\/wp-json\/wp\/v2\/media?parent=15220"}],"wp:term":[{"taxonomy":"category","embeddable":true,"href":"https:\/\/brctsuceava.ro\/uk\/wp-json\/wp\/v2\/categories?post=15220"},{"taxonomy":"post_tag","embeddable":true,"href":"https:\/\/brctsuceava.ro\/uk\/wp-json\/wp\/v2\/tags?post=15220"}],"curies":[{"name":"wp","href":"https:\/\/api.w.org\/{rel}","templated":true}]}}