{"id":15231,"date":"2026-08-31T12:54:53","date_gmt":"2026-08-31T12:54:53","guid":{"rendered":"https:\/\/brctsuceava.ro\/?p=15231"},"modified":"2026-08-31T12:56:40","modified_gmt":"2026-08-31T12:56:40","slug":"strategii-privind-imbunatatirea-performantelor-administratiilor-publice-locale-si-de-intensificare-a-cooperarii-transfrontaliere-romania-ucraina-republica-moldova","status":"publish","type":"post","link":"https:\/\/brctsuceava.ro\/uk\/2026\/08\/31\/strategii-privind-imbunatatirea-performantelor-administratiilor-publice-locale-si-de-intensificare-a-cooperarii-transfrontaliere-romania-ucraina-republica-moldova\/","title":{"rendered":"BRCT Suceava, al\u0103turi de UUR pentru intensificarea cooper\u0103rii transfrontaliere \u0219i eficientizarea administra\u021biei locale"},"content":{"rendered":"<p class=\"wp-block-paragraph\"><strong>Eforie Nord, 28 august 2026<\/strong> \u2014 Biroul Regional pentru Cooperare Transfrontalier\u0103 Suceava (BRCT Suceava) a participat vineri, 28 august, la conferin\u021ba interna\u021bional\u0103 dedicat\u0103 strategiilor de eficientizare a administra\u021biei publice locale \u0219i intensific\u0103rii cooper\u0103rii dintre Rom\u00e2nia, Ucraina \u0219i Republica Moldova, organizat\u0103 de Uniunea Ucrainenilor din Rom\u00e2nia (UUR) \u00een sta\u021biunea Eforie Nord<sup><\/sup>.<\/p>\n\n\n\n<p class=\"wp-block-paragraph\">Evenimentul a reunit \u00eenal\u021bi oficiali, reprezentan\u021bi ai parlamentelor \u0219i administra\u021biilor regionale \u0219i locale din cele trei \u021b\u0103ri partenere, cre\u00e2nd un cadru propice pentru dialog institu\u021bional, schimb de bune practici \u0219i identificarea unor noi direc\u021bii de dezvoltare comunitar\u0103<sup><\/sup>.<\/p>\n\n\n\n<h3 class=\"wp-block-heading has-theme-2-color has-text-color has-link-color wp-elements-1\">Peste dou\u0103 decenii de investi\u021bii \u00een comunit\u0103\u021bile de grani\u021b\u0103<\/h3>\n\n\n\n<p class=\"wp-block-paragraph\">\u00cen cadrul <strong>Sesiunii IV \u2013 \u201eDezvoltare local\u0103 prin finan\u021bare european\u0103 \u0219i cooperare transfrontalier\u0103\u201d<\/strong>, reprezentan\u021bii BRCT Suceava au prezentat evolu\u021bia programelor de cooperare gestionate la grani\u021ba Rom\u00e2niei cu Ucraina pe parcursul celor peste dou\u0103 decenii de activitate<sup><\/sup>:<\/p>\n\n\n\n<ul class=\"wp-block-list\">\n<li><strong>Parcursul istoric:<\/strong> De la primele ini\u021biative PHARE CBC (2004\u20132006) \u0219i programul trilateral 2007\u20132013, p\u00e2n\u0103 la ENI CBC 2014\u20132020, fondurile europene au sprijinit peste 350 de proiecte de infrastructur\u0103, mediu, s\u0103n\u0103tate \u0219i situa\u021bii de urgen\u021b\u0103.<\/li>\n\n\n\n<li><strong>Perspectiva Interreg NEXT 2021\u20132027:<\/strong> \u00cen prezent, programul se afl\u0103 \u00eentr-o faz\u0103 avansat\u0103, finaliz\u00e2ndu-se procesul de contractare pentru noile investi\u021bii destinate protec\u021biei mediului (25,9 mil. \u20ac), serviciilor sociale, s\u0103n\u0103t\u0103\u021bii \u0219i educa\u021biei (21,9 mil. \u20ac), precum \u0219i bunei guvernan\u021be \u0219i cooper\u0103rii la frontier\u0103 (12,8 mil. \u20ac).<\/li>\n<\/ul>\n\n\n\n<h3 class=\"wp-block-heading has-theme-2-color has-text-color has-link-color wp-elements-2\">Asisten\u021b\u0103 tehnic\u0103 continu\u0103 \u0219i parteneriate de \u00eencredere<\/h3>\n\n\n\n<p class=\"wp-block-paragraph\">Un punct central al interven\u021biei l-a constituit sublinierea importan\u021bei capitalului uman \u0219i a preg\u0103tirii institu\u021bionale pentru o absorb\u021bie eficient\u0103 a fondurilor europene<sup><\/sup>. BRCT Suceava r\u0103m\u00e2ne un partener activ pentru beneficiarii de pe ambele p\u0103r\u021bi ale frontierei<sup><\/sup>:<\/p>\n\n\n\n<ul class=\"wp-block-list\">\n<li><strong>Traininguri pentru administra\u021biile locale:<\/strong> Au fost eviden\u021biate sesiunile de instruire derulate la \u00eenceputul acestei veri la Cern\u0103u\u021bi, dedicate preg\u0103tirii institu\u021bionale \u0219i transform\u0103rii ideilor \u00een proiecte mature.<\/li>\n\n\n\n<li><strong>Schimb de bune practici:<\/strong> \u00cen continuarea acestor eforturi, \u00een luna septembrie, BRCT Suceava va g\u0103zdui la sediul s\u0103u o delega\u021bie de func\u021bionari publici din regiunea Ivano-Frankivsk.<\/li>\n<\/ul>\n\n\n\n<p class=\"wp-block-paragraph\">Participarea la evenimentul organizat de UUR reconfirm\u0103 angajamentul BRCT Suceava de a sprijini administra\u021biile locale \u00een accesarea oportunit\u0103\u021bilor de finan\u021bare \u0219i de a contribui la consolidarea dialogului transfrontalier \u00een regiune<sup><\/sup>.<\/p>\n\n\n\n<figure class=\"wp-block-gallery has-nested-images columns-default is-cropped wp-block-gallery-1 is-layout-flex wp-block-gallery-is-layout-flex\">\n<figure class=\"wp-block-image size-large\"><img decoding=\"async\" width=\"1024\" height=\"683\" data-id=\"15235\" src=\"https:\/\/brctsuceava.ro\/wp-content\/uploads\/2026\/08\/WhatsApp-Image-2026-08-31-at-09.51.16-1024x683.jpeg\" alt=\"\" class=\"wp-image-15235\" srcset=\"https:\/\/brctsuceava.ro\/wp-content\/uploads\/2026\/08\/WhatsApp-Image-2026-08-31-at-09.51.16-1024x683.jpeg 1024w, https:\/\/brctsuceava.ro\/wp-content\/uploads\/2026\/08\/WhatsApp-Image-2026-08-31-at-09.51.16-300x200.jpeg 300w, https:\/\/brctsuceava.ro\/wp-content\/uploads\/2026\/08\/WhatsApp-Image-2026-08-31-at-09.51.16-768x512.jpeg 768w, https:\/\/brctsuceava.ro\/wp-content\/uploads\/2026\/08\/WhatsApp-Image-2026-08-31-at-09.51.16-18x12.jpeg 18w, https:\/\/brctsuceava.ro\/wp-content\/uploads\/2026\/08\/WhatsApp-Image-2026-08-31-at-09.51.16.jpeg 1450w\" sizes=\"(max-width: 1024px) 100vw, 1024px\" \/><\/figure>\n\n\n\n<figure class=\"wp-block-image size-large\"><img decoding=\"async\" width=\"1024\" height=\"576\" data-id=\"15234\" src=\"https:\/\/brctsuceava.ro\/wp-content\/uploads\/2026\/08\/WhatsApp-Image-2026-08-28-at-19.28.17-1-1024x576.jpeg\" alt=\"\" class=\"wp-image-15234\" srcset=\"https:\/\/brctsuceava.ro\/wp-content\/uploads\/2026\/08\/WhatsApp-Image-2026-08-28-at-19.28.17-1-1024x576.jpeg 1024w, https:\/\/brctsuceava.ro\/wp-content\/uploads\/2026\/08\/WhatsApp-Image-2026-08-28-at-19.28.17-1-300x169.jpeg 300w, https:\/\/brctsuceava.ro\/wp-content\/uploads\/2026\/08\/WhatsApp-Image-2026-08-28-at-19.28.17-1-768x432.jpeg 768w, https:\/\/brctsuceava.ro\/wp-content\/uploads\/2026\/08\/WhatsApp-Image-2026-08-28-at-19.28.17-1-1536x864.jpeg 1536w, https:\/\/brctsuceava.ro\/wp-content\/uploads\/2026\/08\/WhatsApp-Image-2026-08-28-at-19.28.17-1-18x10.jpeg 18w, https:\/\/brctsuceava.ro\/wp-content\/uploads\/2026\/08\/WhatsApp-Image-2026-08-28-at-19.28.17-1.jpeg 1600w\" sizes=\"(max-width: 1024px) 100vw, 1024px\" \/><\/figure>\n\n\n\n<figure class=\"wp-block-image size-large\"><img decoding=\"async\" width=\"1024\" height=\"576\" data-id=\"15233\" src=\"https:\/\/brctsuceava.ro\/wp-content\/uploads\/2026\/08\/WhatsApp-Image-2026-08-28-at-19.28.16-1024x576.jpeg\" alt=\"\" class=\"wp-image-15233\" srcset=\"https:\/\/brctsuceava.ro\/wp-content\/uploads\/2026\/08\/WhatsApp-Image-2026-08-28-at-19.28.16-1024x576.jpeg 1024w, https:\/\/brctsuceava.ro\/wp-content\/uploads\/2026\/08\/WhatsApp-Image-2026-08-28-at-19.28.16-300x169.jpeg 300w, https:\/\/brctsuceava.ro\/wp-content\/uploads\/2026\/08\/WhatsApp-Image-2026-08-28-at-19.28.16-768x432.jpeg 768w, https:\/\/brctsuceava.ro\/wp-content\/uploads\/2026\/08\/WhatsApp-Image-2026-08-28-at-19.28.16-1536x864.jpeg 1536w, https:\/\/brctsuceava.ro\/wp-content\/uploads\/2026\/08\/WhatsApp-Image-2026-08-28-at-19.28.16-18x10.jpeg 18w, https:\/\/brctsuceava.ro\/wp-content\/uploads\/2026\/08\/WhatsApp-Image-2026-08-28-at-19.28.16.jpeg 1600w\" sizes=\"(max-width: 1024px) 100vw, 1024px\" \/><\/figure>\n\n\n\n<figure class=\"wp-block-image size-large\"><img decoding=\"async\" width=\"1024\" height=\"683\" data-id=\"15232\" src=\"https:\/\/brctsuceava.ro\/wp-content\/uploads\/2026\/08\/789872501_1397813815816637_3288453319946424543_n-1024x683.jpg\" alt=\"\" class=\"wp-image-15232\" srcset=\"https:\/\/brctsuceava.ro\/wp-content\/uploads\/2026\/08\/789872501_1397813815816637_3288453319946424543_n-1024x683.jpg 1024w, https:\/\/brctsuceava.ro\/wp-content\/uploads\/2026\/08\/789872501_1397813815816637_3288453319946424543_n-300x200.jpg 300w, https:\/\/brctsuceava.ro\/wp-content\/uploads\/2026\/08\/789872501_1397813815816637_3288453319946424543_n-768x512.jpg 768w, https:\/\/brctsuceava.ro\/wp-content\/uploads\/2026\/08\/789872501_1397813815816637_3288453319946424543_n-1536x1025.jpg 1536w, https:\/\/brctsuceava.ro\/wp-content\/uploads\/2026\/08\/789872501_1397813815816637_3288453319946424543_n-18x12.jpg 18w, https:\/\/brctsuceava.ro\/wp-content\/uploads\/2026\/08\/789872501_1397813815816637_3288453319946424543_n.jpg 2048w\" sizes=\"(max-width: 1024px) 100vw, 1024px\" \/><\/figure>\n<\/figure>","protected":false},"excerpt":{"rendered":"<p>Eforie Nord, 28 august 2026 \u2014 Biroul Regional pentru Cooperare Transfrontalier\u0103 Suceava (BRCT Suceava) a participat vineri, 28 august, la conferin\u021ba interna\u021bional\u0103 dedicat\u0103 strategiilor de eficientizare a administra\u021biei publice locale \u0219i intensific\u0103rii cooper\u0103rii dintre Rom\u00e2nia, Ucraina \u0219i Republica Moldova, organizat\u0103 de Uniunea Ucrainenilor din Rom\u00e2nia (UUR) \u00een sta\u021biunea Eforie Nord. Evenimentul a reunit \u00eenal\u021bi oficiali, [&hellip;]<\/p>\n","protected":false},"author":1,"featured_media":15236,"comment_status":"closed","ping_status":"closed","sticky":false,"template":"","format":"standard","meta":{"_uag_custom_page_level_css":"","footnotes":""},"categories":[11,14],"tags":[],"class_list":["post-15231","post","type-post","status-publish","format-standard","has-post-thumbnail","hentry","category-evenimente","category-noutati"],"uagb_featured_image_src":{"full":["https:\/\/brctsuceava.ro\/wp-content\/uploads\/2026\/08\/WhatsApp-Image-2026-08-31-at-09.51.17-2.jpeg",1422,948,false],"thumbnail":["https:\/\/brctsuceava.ro\/wp-content\/uploads\/2026\/08\/WhatsApp-Image-2026-08-31-at-09.51.17-2-150x150.jpeg",150,150,true],"medium":["https:\/\/brctsuceava.ro\/wp-content\/uploads\/2026\/08\/WhatsApp-Image-2026-08-31-at-09.51.17-2-300x200.jpeg",300,200,true],"medium_large":["https:\/\/brctsuceava.ro\/wp-content\/uploads\/2026\/08\/WhatsApp-Image-2026-08-31-at-09.51.17-2-768x512.jpeg",768,512,true],"large":["https:\/\/brctsuceava.ro\/wp-content\/uploads\/2026\/08\/WhatsApp-Image-2026-08-31-at-09.51.17-2-1024x683.jpeg",1024,683,true],"1536x1536":["https:\/\/brctsuceava.ro\/wp-content\/uploads\/2026\/08\/WhatsApp-Image-2026-08-31-at-09.51.17-2.jpeg",1422,948,false],"2048x2048":["https:\/\/brctsuceava.ro\/wp-content\/uploads\/2026\/08\/WhatsApp-Image-2026-08-31-at-09.51.17-2.jpeg",1422,948,false],"trp-custom-language-flag":["https:\/\/brctsuceava.ro\/wp-content\/uploads\/2026\/08\/WhatsApp-Image-2026-08-31-at-09.51.17-2-18x12.jpeg",18,12,true]},"uagb_author_info":{"display_name":"brct","author_link":"https:\/\/brctsuceava.ro\/uk\/author\/brct\/"},"uagb_comment_info":0,"uagb_excerpt":"Eforie Nord, 28 august 2026 \u2014 Biroul Regional pentru Cooperare Transfrontalier\u0103 Suceava (BRCT Suceava) a participat vineri, 28 august, la conferin\u021ba interna\u021bional\u0103 dedicat\u0103 strategiilor de eficientizare a administra\u021biei publice locale \u0219i intensific\u0103rii cooper\u0103rii dintre Rom\u00e2nia, Ucraina \u0219i Republica Moldova, organizat\u0103 de Uniunea Ucrainenilor din Rom\u00e2nia (UUR) \u00een sta\u021biunea Eforie Nord. Evenimentul a reunit \u00eenal\u021bi oficiali,&hellip;","_links":{"self":[{"href":"https:\/\/brctsuceava.ro\/uk\/wp-json\/wp\/v2\/posts\/15231","targetHints":{"allow":["GET"]}}],"collection":[{"href":"https:\/\/brctsuceava.ro\/uk\/wp-json\/wp\/v2\/posts"}],"about":[{"href":"https:\/\/brctsuceava.ro\/uk\/wp-json\/wp\/v2\/types\/post"}],"author":[{"embeddable":true,"href":"https:\/\/brctsuceava.ro\/uk\/wp-json\/wp\/v2\/users\/1"}],"replies":[{"embeddable":true,"href":"https:\/\/brctsuceava.ro\/uk\/wp-json\/wp\/v2\/comments?post=15231"}],"version-history":[{"count":4,"href":"https:\/\/brctsuceava.ro\/uk\/wp-json\/wp\/v2\/posts\/15231\/revisions"}],"predecessor-version":[{"id":15241,"href":"https:\/\/brctsuceava.ro\/uk\/wp-json\/wp\/v2\/posts\/15231\/revisions\/15241"}],"wp:featuredmedia":[{"embeddable":true,"href":"https:\/\/brctsuceava.ro\/uk\/wp-json\/wp\/v2\/media\/15236"}],"wp:attachment":[{"href":"https:\/\/brctsuceava.ro\/uk\/wp-json\/wp\/v2\/media?parent=15231"}],"wp:term":[{"taxonomy":"category","embeddable":true,"href":"https:\/\/brctsuceava.ro\/uk\/wp-json\/wp\/v2\/categories?post=15231"},{"taxonomy":"post_tag","embeddable":true,"href":"https:\/\/brctsuceava.ro\/uk\/wp-json\/wp\/v2\/tags?post=15231"}],"curies":[{"name":"wp","href":"https:\/\/api.w.org\/{rel}","templated":true}]}}